{"id":81734,"date":"2024-01-31T20:25:21","date_gmt":"2024-01-31T20:25:21","guid":{"rendered":"https:\/\/racksweekend.com.br\/?p=81734"},"modified":"2024-01-31T20:25:22","modified_gmt":"2024-01-31T20:25:22","slug":"os-segredos-da-camera-do-iphone","status":"publish","type":"post","link":"https:\/\/racksweekend.com.br\/hu\/os-segredos-da-camera-do-iphone\/","title":{"rendered":"Az iPhone kamer\u00e1j\u00e1nak titkai"},"content":{"rendered":"<p>Ha van iPhone-od, \u00e9s a fot\u00f3id m\u00e9g mindig nem \u00fagy siker\u00fclnek, ahogy szeretn\u00e9d, elmondom... <strong>Az iPhone kamer\u00e1j\u00e1nak titkai<\/strong>.<\/p>\n\n\n\n<p>Az okostelefonok korszaka \u00e1talak\u00edtotta azt, ahogyan l\u00e1tjuk \u00e9s r\u00f6gz\u00edtj\u00fck a k\u00f6r\u00fcl\u00f6tt\u00fcnk l\u00e9v\u0151 vil\u00e1got, \u00e9s a <strong>iPhone<\/strong>, annak <strong>er\u0151s kamera<\/strong>, N\u00e9lk\u00fcl\u00f6zhetetlen eszk\u00f6zz\u00e9 v\u00e1lt a fot\u00f3z\u00e1s szerelmesei sz\u00e1m\u00e1ra.<\/p>\n\n\n\n<p>\u00cdgy ebben az \u00e1tfog\u00f3 \u00fatmutat\u00f3ban megvizsg\u00e1ljuk <strong>Hogyan hozd ki a legt\u00f6bbet az iPhone kamer\u00e1db\u00f3l<\/strong>, leleplez\u00e9s <strong>technik\u00e1k<\/strong>, <strong>er\u0151forr\u00e1s<\/strong> e <strong>tippek<\/strong> amely igazi remekm\u0171vekk\u00e9 var\u00e1zsolja fot\u00f3it.<\/p>\n\n\n\n<h2 class=\"wp-block-heading\">Az alapok elsaj\u00e1t\u00edt\u00e1sa: F\u00f3kusz \u00e9s prezent\u00e1ci\u00f3<\/h2>\n\n\n\n<p>Csom\u00f3pont <strong>iPhone<\/strong>, A k\u00e9perny\u0151 koppint\u00e1s\u00e1val be\u00e1ll\u00edthat\u00f3 a f\u00f3kuszpont, m\u00edg az expoz\u00edci\u00f3s cs\u00faszk\u00e1val a k\u00e9p f\u00e9nyerej\u00e9t lehet m\u00f3dos\u00edtani.<\/p>\n\n\n\n<figure class=\"wp-block-image size-large\"><img fetchpriority=\"high\" decoding=\"async\" width=\"473\" height=\"1024\" src=\"https:\/\/racksweekend.com.br\/wp-content\/uploads\/2024\/01\/img-3226-473x1024.webp\" alt=\"\" class=\"wp-image-81736\" srcset=\"https:\/\/racksweekend.com.br\/wp-content\/uploads\/2024\/01\/img-3226-473x1024.webp 473w, https:\/\/racksweekend.com.br\/wp-content\/uploads\/2024\/01\/img-3226-139x300.webp 139w, https:\/\/racksweekend.com.br\/wp-content\/uploads\/2024\/01\/img-3226-768x1662.webp 768w, https:\/\/racksweekend.com.br\/wp-content\/uploads\/2024\/01\/img-3226-710x1536.webp 710w, https:\/\/racksweekend.com.br\/wp-content\/uploads\/2024\/01\/img-3226-6x12.webp 6w, https:\/\/racksweekend.com.br\/wp-content\/uploads\/2024\/01\/img-3226-28x60.webp 28w, https:\/\/racksweekend.com.br\/wp-content\/uploads\/2024\/01\/img-3226-150x325.webp 150w, https:\/\/racksweekend.com.br\/wp-content\/uploads\/2024\/01\/img-3226.webp 828w\" sizes=\"(max-width: 473px) 100vw, 473px\" \/><\/figure>\n\n\n\n<p>Teh\u00e1t ezek meg\u00e9rt\u00e9se \u00e9s elsaj\u00e1t\u00edt\u00e1sa <strong>alapvet\u0151 elemek<\/strong> Fontos biztos\u00edtani <strong>tiszta fot\u00f3k<\/strong> e <strong>j\u00f3l megvil\u00e1g\u00edtott<\/strong>.<\/p>\n\n\n\n<h2 class=\"wp-block-heading\">A kameram\u00f3dok maxim\u00e1lis kihaszn\u00e1l\u00e1sa<\/h2>\n\n\n\n<p>Az iPhone sz\u00e1mos lehet\u0151s\u00e9get k\u00edn\u00e1l <strong>kamera m\u00f3dok<\/strong>, a hagyom\u00e1nyos &quot;Fot\u00f3&quot;-t\u00f3l a <strong>\u00e9jszakai m\u00f3d<\/strong> e <strong>portr\u00e9<\/strong>.<\/p>\n\n\n\n<figure class=\"wp-block-image size-large\"><img decoding=\"async\" width=\"473\" height=\"1024\" src=\"https:\/\/racksweekend.com.br\/wp-content\/uploads\/2024\/01\/img-3227-473x1024.webp\" alt=\"\" class=\"wp-image-81737\" srcset=\"https:\/\/racksweekend.com.br\/wp-content\/uploads\/2024\/01\/img-3227-473x1024.webp 473w, https:\/\/racksweekend.com.br\/wp-content\/uploads\/2024\/01\/img-3227-139x300.webp 139w, https:\/\/racksweekend.com.br\/wp-content\/uploads\/2024\/01\/img-3227-768x1662.webp 768w, https:\/\/racksweekend.com.br\/wp-content\/uploads\/2024\/01\/img-3227-710x1536.webp 710w, https:\/\/racksweekend.com.br\/wp-content\/uploads\/2024\/01\/img-3227-6x12.webp 6w, https:\/\/racksweekend.com.br\/wp-content\/uploads\/2024\/01\/img-3227-28x60.webp 28w, https:\/\/racksweekend.com.br\/wp-content\/uploads\/2024\/01\/img-3227-150x325.webp 150w, https:\/\/racksweekend.com.br\/wp-content\/uploads\/2024\/01\/img-3227.webp 828w\" sizes=\"(max-width: 473px) 100vw, 473px\" \/><\/figure>\n\n\n\n<p>Ez\u00e9rt tanulja meg hat\u00e9konyan felfedezni az egyes m\u00f3dokat., <strong>alkalmazkod\u00e1s a f\u00e9nyviszonyokhoz<\/strong> \u00e9s a r\u00f6gz\u00edteni k\u00edv\u00e1nt jelenet t\u00edpus\u00e1hoz.<\/p>\n\n\n\n<h2 class=\"wp-block-heading\">A k\u00fcl\u00f6nb\u00f6z\u0151 m\u00f3dokkal val\u00f3 k\u00eds\u00e9rletez\u00e9s b\u0151v\u00edti kreat\u00edv lehet\u0151s\u00e9geidet.<\/h2>\n\n\n\n<p>Halad\u00f3 kompoz\u00edci\u00f3s technik\u00e1k: a harmadol\u00e1s szab\u00e1ly\u00e1t\u00f3l a kreat\u00edv keretez\u00e9sig<\/p>\n\n\n\n<p>Azonban emeld fel a <strong>fot\u00f3k<\/strong> egy\u00e9rt <strong>professzion\u00e1lis szinten<\/strong> Meg\u00e9rt\u00e9st is mag\u00e1ban foglal. <strong>fejlett technik\u00e1k<\/strong> \u00f6sszet\u00e9tel.<\/p>\n\n\n\n<p>A harmadol\u00e1s szab\u00e1lya, a negat\u00edv t\u00e9r intelligens haszn\u00e1lata \u00e9s a k\u00fcl\u00f6nb\u00f6z\u0151 sz\u00f6gek felt\u00e1r\u00e1sa kulcsfontoss\u00e1g\u00fa elemek, amelyek... <strong>\u00e1talak\u00edtja a k\u00e9peit<\/strong> gyakori a rendk\u00edv\u00fcli vizu\u00e1lis effektusokban.<\/p>\n\n\n\n<h2 class=\"wp-block-heading\">Az integr\u00e1lt szerkeszt\u00e9si funkci\u00f3k var\u00e1zsa<\/h2>\n\n\n\n<p>Az iPhone t\u00f6bbet k\u00edn\u00e1l, mint egyet <strong>kiv\u00e1l\u00f3 kamera<\/strong>, de azt is <strong>hat\u00e9kony szerkeszt\u00e9si funkci\u00f3k<\/strong> k\u00f6zvetlen\u00fcl a Fot\u00f3k alkalmaz\u00e1sban.<\/p>\n\n\n\n<figure class=\"wp-block-image size-large\"><img decoding=\"async\" width=\"473\" height=\"1024\" src=\"https:\/\/racksweekend.com.br\/wp-content\/uploads\/2024\/01\/img-3228-1-473x1024.webp\" alt=\"\" class=\"wp-image-81741\" srcset=\"https:\/\/racksweekend.com.br\/wp-content\/uploads\/2024\/01\/img-3228-1-473x1024.webp 473w, https:\/\/racksweekend.com.br\/wp-content\/uploads\/2024\/01\/img-3228-1-139x300.webp 139w, https:\/\/racksweekend.com.br\/wp-content\/uploads\/2024\/01\/img-3228-1-768x1662.webp 768w, https:\/\/racksweekend.com.br\/wp-content\/uploads\/2024\/01\/img-3228-1-710x1536.webp 710w, https:\/\/racksweekend.com.br\/wp-content\/uploads\/2024\/01\/img-3228-1-6x12.webp 6w, https:\/\/racksweekend.com.br\/wp-content\/uploads\/2024\/01\/img-3228-1-28x60.webp 28w, https:\/\/racksweekend.com.br\/wp-content\/uploads\/2024\/01\/img-3228-1-150x325.webp 150w, https:\/\/racksweekend.com.br\/wp-content\/uploads\/2024\/01\/img-3228-1.webp 828w\" sizes=\"(max-width: 473px) 100vw, 473px\" \/><\/figure>\n\n\n\n<p>Fedezze fel teh\u00e1t, hogyan jav\u00edthatja k\u00e9peit a f\u00e9ny, a sz\u00ednek \u00e9s a tel\u00edtetts\u00e9g be\u00e1ll\u00edt\u00e1s\u00e1val.<\/p>\n\n\n\n<p>Tov\u00e1bb\u00e1, fedezze fel <strong>sz\u0171r\u0151k<\/strong> e <strong>k\u00e9pv\u00e1g\u00f3 eszk\u00f6z\u00f6k<\/strong> hogy egyedi hangulatot adj a fot\u00f3idnak.<\/p>\n\n\n\n<h2 class=\"wp-block-heading\">Mer\u00fclj el m\u00e9lyebben az \u00e9jszakai fot\u00f3z\u00e1sban az \u00c9jszakai m\u00f3ddal<\/h2>\n\n\n\n<p>O <strong>\u00c9jszakai m\u00f3d<\/strong> forradalmas\u00edtotta a k\u00e9pess\u00e9g\u00e9t, <strong>K\u00e9sz\u00edtsen leny\u0171g\u00f6z\u0151 fot\u00f3kat.<\/strong> gyeng\u00e9n megvil\u00e1g\u00edtott k\u00f6rnyezetben.<\/p>\n\n\n\n<p>Teh\u00e1t \u00e9rtsd meg, hogyan \u00e9s mikor kell haszn\u00e1lni ezt a funkci\u00f3t, hogy biztosan <strong>\u00e9jszakai fot\u00f3k<\/strong> Kiemelked\u0151ek, m\u00e9g a legnehezebb k\u00f6r\u00fclm\u00e9nyek k\u00f6z\u00f6tt is r\u00e9szleteket r\u00f6gz\u00edtenek.<\/p>\n\n\n\n<h2 class=\"wp-block-heading\">Portr\u00e9fot\u00f3z\u00e1s \u00e9s portr\u00e9 m\u00f3d felfedez\u00e9se<\/h2>\n\n\n\n<p>A <strong>iPhone kamera<\/strong> K\u00fcl\u00f6n\u00f6sen tehets\u00e9ges a portr\u00e9k k\u00e9sz\u00edt\u00e9s\u00e9ben.<\/p>\n\n\n\n<p>V\u00e9g\u00fcl, mer\u00fclj el a forr\u00e1sokban <strong>Portr\u00e9 m\u00f3d<\/strong>, megtanulni be\u00e1ll\u00edtani a <strong>elmos\u00f3d\u00e1si effektus<\/strong>, k\u00eds\u00e9rletezzen a <strong>portr\u00e9vil\u00e1g\u00edt\u00e1s<\/strong> \u00e9s fedezd fel a k\u00fcl\u00f6nf\u00e9le st\u00fadi\u00f3vil\u00e1g\u00edt\u00e1si st\u00edlusokat.<\/p>\n\n\n\n<h2 class=\"wp-block-heading\">A rendszerez\u00e9s fontoss\u00e1ga: A fot\u00f3k\u00f6nyvt\u00e1r kezel\u00e9se<\/h2>\n\n\n\n<p>Ahogy egyre t\u00f6bb fot\u00f3t k\u00e9sz\u00edtesz, a j\u00f3 szervez\u00e9s elengedhetetlenn\u00e9 v\u00e1lik.<\/p>\n\n\n\n<p>Felfedez\u00e9s <strong>hat\u00e9kony tippek <\/strong>hogy <strong>Rendszerezd \u00e9s kezeld a fot\u00f3k\u00f6nyvt\u00e1radat.<\/strong> k\u00f6zvetlen\u00fcl az iPhone-odon, \u00edgy k\u00f6nnyed\u00e9n megtal\u00e1lhatod \u00e9s \u00e9lvezheted a k\u00e9peidet.<\/p>\n\n\n\n<figure class=\"wp-block-pullquote\"><blockquote><p><a href=\"https:\/\/racksweekend.com.br\/hu\/68\/bloquear-aplicativos-em-um-iphone\/\">Alkalmaz\u00e1sok blokkol\u00e1sa iPhone-on<\/a><\/p><cite>H\u00cdR!<\/cite><\/blockquote><\/figure>\n\n\n\n<h2 class=\"wp-block-heading\">Konkl\u00fazi\u00f3: A pillanatok tart\u00f3s eml\u00e9kekk\u00e9 alak\u00edt\u00e1sa<\/h2>\n\n\n\n<p><strong>Az iPhone kamera elsaj\u00e1t\u00edt\u00e1sa<\/strong> Nem csak a tulajdons\u00e1gainak meg\u00e9rt\u00e9s\u00e9r\u0151l van sz\u00f3, hanem a f\u00e9nyk\u00e9pez\u00e9s m\u0171v\u00e9szet\u00e9nek felfedez\u00e9s\u00e9r\u0151l is.<\/p>\n\n\n\n<p>V\u00e9g\u00fcl, a jelentkez\u00e9skor <strong>kompoz\u00edci\u00f3s technik\u00e1k<\/strong>, k\u00eds\u00e9rletezz a m\u00f3dokkal \u00e9s \u00e9lvezd a <strong>integr\u00e1lt szerkeszt\u00e9si funkci\u00f3k,<\/strong> A h\u00e9tk\u00f6znapi pillanatokat tart\u00f3s vizu\u00e1lis eml\u00e9kekk\u00e9 alak\u00edthatod.<\/p>\n\n\n\n<p>Sz\u00f3val ragadd meg az iPhone-odat, m\u00f3dos\u00edtsd a be\u00e1ll\u00edt\u00e1sokat, \u00e9s kezdd el meg\u00f6r\u00f6k\u00edteni a k\u00f6r\u00fcl\u00f6tted l\u00e9v\u0151 vil\u00e1got egy igaz\u00e1n rendk\u00edv\u00fcli m\u00f3don.<\/p>\n\n\n\n<p>Rem\u00e9lem, tetszett a cikk\u00fcnk, tal\u00e1lkozunk legk\u00f6zelebb!<\/p>","protected":false},"excerpt":{"rendered":"<p>Ha van iPhone-od, \u00e9s a fot\u00f3id m\u00e9g mindig nem \u00fagy siker\u00fclnek, ahogy szeretn\u00e9d, el\u00e1rulom az iPhone kamer\u00e1j\u00e1nak titkait. Az okostelefon-korszak \u00e1talak\u00edtotta azt, ahogyan l\u00e1tjuk \u00e9s meg\u00f6r\u00f6k\u00edtj\u00fck a k\u00f6r\u00fcl\u00f6tt\u00fcnk l\u00e9v\u0151 vil\u00e1got, \u00e9s az iPhone, nagy teljes\u00edtm\u00e9ny\u0171 kamer\u00e1j\u00e1val, n\u00e9lk\u00fcl\u00f6zhetetlen eszk\u00f6zz\u00e9 v\u00e1lt a fot\u00f3z\u00e1s szerelmesei sz\u00e1m\u00e1ra. \u2026 <\/p>","protected":false},"author":12,"featured_media":81739,"comment_status":"closed","ping_status":"open","sticky":false,"template":"","format":"standard","meta":{"footnotes":""},"categories":[16],"tags":[170,171,161,159],"class_list":["post-81734","post","type-post","status-publish","format-standard","has-post-thumbnail","hentry","category-ios","tag-camera-iphone","tag-os-segredos-da-camera-do-iphone","tag-tutorial-ios","tag-tutorial-iphone","fadeIn","image-hover-transition-effect","latest_post"],"yoast_head":"<!-- This site is optimized with the Yoast SEO plugin v26.8 - https:\/\/yoast.com\/product\/yoast-seo-wordpress\/ -->\n<title>Os Segredos da C\u00e2mera do iPhone - Racks Weekend<\/title>\n<meta name=\"description\" content=\"Se voc\u00ea tem um iPhone e mesmo assim as suas fotos n\u00e3o saem como desejadas vou te contar os segredos da c\u00e2mera do iPhone.\" \/>\n<meta name=\"robots\" content=\"index, follow, max-snippet:-1, max-image-preview:large, max-video-preview:-1\" \/>\n<link rel=\"canonical\" href=\"https:\/\/racksweekend.com.br\/hu\/os-segredos-da-camera-do-iphone\/\" \/>\n<meta property=\"og:locale\" content=\"hu_HU\" \/>\n<meta property=\"og:type\" content=\"article\" \/>\n<meta property=\"og:title\" content=\"Os Segredos da C\u00e2mera do iPhone - Racks Weekend\" \/>\n<meta property=\"og:description\" content=\"Se voc\u00ea tem um iPhone e mesmo assim as suas fotos n\u00e3o saem como desejadas vou te contar os segredos da c\u00e2mera do iPhone.\" \/>\n<meta property=\"og:url\" content=\"https:\/\/racksweekend.com.br\/hu\/os-segredos-da-camera-do-iphone\/\" \/>\n<meta property=\"og:site_name\" content=\"Racks Weekend\" \/>\n<meta property=\"article:published_time\" content=\"2024-01-31T20:25:21+00:00\" \/>\n<meta property=\"article:modified_time\" content=\"2024-01-31T20:25:22+00:00\" \/>\n<meta property=\"og:image\" content=\"https:\/\/racksweekend.com.br\/wp-content\/uploads\/2024\/01\/iphone-15-meta-phone-photo.webp\" \/>\n\t<meta property=\"og:image:width\" content=\"1280\" \/>\n\t<meta property=\"og:image:height\" content=\"719\" \/>\n\t<meta property=\"og:image:type\" content=\"image\/webp\" \/>\n<meta name=\"author\" content=\"admin\" \/>\n<meta name=\"twitter:card\" content=\"summary_large_image\" \/>\n<meta name=\"twitter:label1\" content=\"Szerz\u0151:\" \/>\n\t<meta name=\"twitter:data1\" content=\"admin\" \/>\n\t<meta name=\"twitter:label2\" content=\"Becs\u00fclt olvas\u00e1si id\u0151\" \/>\n\t<meta name=\"twitter:data2\" content=\"4 perc\" \/>\n<script type=\"application\/ld+json\" class=\"yoast-schema-graph\">{\"@context\":\"https:\/\/schema.org\",\"@graph\":[{\"@type\":\"Article\",\"@id\":\"https:\/\/racksweekend.com.br\/os-segredos-da-camera-do-iphone\/#article\",\"isPartOf\":{\"@id\":\"https:\/\/racksweekend.com.br\/os-segredos-da-camera-do-iphone\/\"},\"author\":{\"name\":\"admin\",\"@id\":\"https:\/\/racksweekend.com.br\/#\/schema\/person\/c8c2e8c43fe14615ef51ee6ee70b855b\"},\"headline\":\"Os Segredos da C\u00e2mera do iPhone\",\"datePublished\":\"2024-01-31T20:25:21+00:00\",\"dateModified\":\"2024-01-31T20:25:22+00:00\",\"mainEntityOfPage\":{\"@id\":\"https:\/\/racksweekend.com.br\/os-segredos-da-camera-do-iphone\/\"},\"wordCount\":581,\"publisher\":{\"@id\":\"https:\/\/racksweekend.com.br\/#organization\"},\"image\":{\"@id\":\"https:\/\/racksweekend.com.br\/os-segredos-da-camera-do-iphone\/#primaryimage\"},\"thumbnailUrl\":\"https:\/\/racksweekend.com.br\/wp-content\/uploads\/2024\/01\/iphone-15-meta-phone-photo.webp\",\"keywords\":[\"camera iPhone\",\"Os Segredos da C\u00e2mera do iPhone\",\"Tutorial iOS\",\"Tutorial iPhone\"],\"articleSection\":[\"iOS\"],\"inLanguage\":\"hu\"},{\"@type\":\"WebPage\",\"@id\":\"https:\/\/racksweekend.com.br\/os-segredos-da-camera-do-iphone\/\",\"url\":\"https:\/\/racksweekend.com.br\/os-segredos-da-camera-do-iphone\/\",\"name\":\"Os Segredos da C\u00e2mera do iPhone - Racks Weekend\",\"isPartOf\":{\"@id\":\"https:\/\/racksweekend.com.br\/#website\"},\"primaryImageOfPage\":{\"@id\":\"https:\/\/racksweekend.com.br\/os-segredos-da-camera-do-iphone\/#primaryimage\"},\"image\":{\"@id\":\"https:\/\/racksweekend.com.br\/os-segredos-da-camera-do-iphone\/#primaryimage\"},\"thumbnailUrl\":\"https:\/\/racksweekend.com.br\/wp-content\/uploads\/2024\/01\/iphone-15-meta-phone-photo.webp\",\"datePublished\":\"2024-01-31T20:25:21+00:00\",\"dateModified\":\"2024-01-31T20:25:22+00:00\",\"description\":\"Se voc\u00ea tem um iPhone e mesmo assim as suas fotos n\u00e3o saem como desejadas vou te contar os segredos da c\u00e2mera do iPhone.\",\"breadcrumb\":{\"@id\":\"https:\/\/racksweekend.com.br\/os-segredos-da-camera-do-iphone\/#breadcrumb\"},\"inLanguage\":\"hu\",\"potentialAction\":[{\"@type\":\"ReadAction\",\"target\":[\"https:\/\/racksweekend.com.br\/os-segredos-da-camera-do-iphone\/\"]}]},{\"@type\":\"ImageObject\",\"inLanguage\":\"hu\",\"@id\":\"https:\/\/racksweekend.com.br\/os-segredos-da-camera-do-iphone\/#primaryimage\",\"url\":\"https:\/\/racksweekend.com.br\/wp-content\/uploads\/2024\/01\/iphone-15-meta-phone-photo.webp\",\"contentUrl\":\"https:\/\/racksweekend.com.br\/wp-content\/uploads\/2024\/01\/iphone-15-meta-phone-photo.webp\",\"width\":1280,\"height\":719},{\"@type\":\"BreadcrumbList\",\"@id\":\"https:\/\/racksweekend.com.br\/os-segredos-da-camera-do-iphone\/#breadcrumb\",\"itemListElement\":[{\"@type\":\"ListItem\",\"position\":1,\"name\":\"Home\",\"item\":\"https:\/\/racksweekend.com.br\/\"},{\"@type\":\"ListItem\",\"position\":2,\"name\":\"Os Segredos da C\u00e2mera do iPhone\"}]},{\"@type\":\"WebSite\",\"@id\":\"https:\/\/racksweekend.com.br\/#website\",\"url\":\"https:\/\/racksweekend.com.br\/\",\"name\":\"Racks Weekend\",\"description\":\"\",\"publisher\":{\"@id\":\"https:\/\/racksweekend.com.br\/#organization\"},\"potentialAction\":[{\"@type\":\"SearchAction\",\"target\":{\"@type\":\"EntryPoint\",\"urlTemplate\":\"https:\/\/racksweekend.com.br\/?s={search_term_string}\"},\"query-input\":{\"@type\":\"PropertyValueSpecification\",\"valueRequired\":true,\"valueName\":\"search_term_string\"}}],\"inLanguage\":\"hu\"},{\"@type\":\"Organization\",\"@id\":\"https:\/\/racksweekend.com.br\/#organization\",\"name\":\"Racks Weekend\",\"url\":\"https:\/\/racksweekend.com.br\/\",\"logo\":{\"@type\":\"ImageObject\",\"inLanguage\":\"hu\",\"@id\":\"https:\/\/racksweekend.com.br\/#\/schema\/logo\/image\/\",\"url\":\"https:\/\/racksweekend.com.br\/wp-content\/uploads\/2024\/01\/cropped-LOGO-RACKS-2.png\",\"contentUrl\":\"https:\/\/racksweekend.com.br\/wp-content\/uploads\/2024\/01\/cropped-LOGO-RACKS-2.png\",\"width\":1919,\"height\":538,\"caption\":\"Racks Weekend\"},\"image\":{\"@id\":\"https:\/\/racksweekend.com.br\/#\/schema\/logo\/image\/\"}},{\"@type\":\"Person\",\"@id\":\"https:\/\/racksweekend.com.br\/#\/schema\/person\/c8c2e8c43fe14615ef51ee6ee70b855b\",\"name\":\"admin\",\"image\":{\"@type\":\"ImageObject\",\"inLanguage\":\"hu\",\"@id\":\"https:\/\/racksweekend.com.br\/#\/schema\/person\/image\/\",\"url\":\"https:\/\/racksweekend.com.br\/wp-content\/litespeed\/avatar\/af70d796a465de0de2b395cc700a1b9e.jpg?ver=1787761137\",\"contentUrl\":\"https:\/\/racksweekend.com.br\/wp-content\/litespeed\/avatar\/af70d796a465de0de2b395cc700a1b9e.jpg?ver=1787761137\",\"caption\":\"admin\"}}]}<\/script>\n<!-- \/ Yoast SEO plugin. -->","yoast_head_json":{"title":"Os Segredos da C\u00e2mera do iPhone - Racks Weekend","description":"Se voc\u00ea tem um iPhone e mesmo assim as suas fotos n\u00e3o saem como desejadas vou te contar os segredos da c\u00e2mera do iPhone.","robots":{"index":"index","follow":"follow","max-snippet":"max-snippet:-1","max-image-preview":"max-image-preview:large","max-video-preview":"max-video-preview:-1"},"canonical":"https:\/\/racksweekend.com.br\/hu\/os-segredos-da-camera-do-iphone\/","og_locale":"hu_HU","og_type":"article","og_title":"Os Segredos da C\u00e2mera do iPhone - Racks Weekend","og_description":"Se voc\u00ea tem um iPhone e mesmo assim as suas fotos n\u00e3o saem como desejadas vou te contar os segredos da c\u00e2mera do iPhone.","og_url":"https:\/\/racksweekend.com.br\/hu\/os-segredos-da-camera-do-iphone\/","og_site_name":"Racks Weekend","article_published_time":"2024-01-31T20:25:21+00:00","article_modified_time":"2024-01-31T20:25:22+00:00","og_image":[{"width":1280,"height":719,"url":"https:\/\/racksweekend.com.br\/wp-content\/uploads\/2024\/01\/iphone-15-meta-phone-photo.webp","type":"image\/webp"}],"author":"admin","twitter_card":"summary_large_image","twitter_misc":{"Szerz\u0151:":"admin","Becs\u00fclt olvas\u00e1si id\u0151":"4 perc"},"schema":{"@context":"https:\/\/schema.org","@graph":[{"@type":"Article","@id":"https:\/\/racksweekend.com.br\/os-segredos-da-camera-do-iphone\/#article","isPartOf":{"@id":"https:\/\/racksweekend.com.br\/os-segredos-da-camera-do-iphone\/"},"author":{"name":"admin","@id":"https:\/\/racksweekend.com.br\/#\/schema\/person\/c8c2e8c43fe14615ef51ee6ee70b855b"},"headline":"Os Segredos da C\u00e2mera do iPhone","datePublished":"2024-01-31T20:25:21+00:00","dateModified":"2024-01-31T20:25:22+00:00","mainEntityOfPage":{"@id":"https:\/\/racksweekend.com.br\/os-segredos-da-camera-do-iphone\/"},"wordCount":581,"publisher":{"@id":"https:\/\/racksweekend.com.br\/#organization"},"image":{"@id":"https:\/\/racksweekend.com.br\/os-segredos-da-camera-do-iphone\/#primaryimage"},"thumbnailUrl":"https:\/\/racksweekend.com.br\/wp-content\/uploads\/2024\/01\/iphone-15-meta-phone-photo.webp","keywords":["camera iPhone","Os Segredos da C\u00e2mera do iPhone","Tutorial iOS","Tutorial iPhone"],"articleSection":["iOS"],"inLanguage":"hu"},{"@type":"WebPage","@id":"https:\/\/racksweekend.com.br\/os-segredos-da-camera-do-iphone\/","url":"https:\/\/racksweekend.com.br\/os-segredos-da-camera-do-iphone\/","name":"Os Segredos da C\u00e2mera do iPhone - Racks Weekend","isPartOf":{"@id":"https:\/\/racksweekend.com.br\/#website"},"primaryImageOfPage":{"@id":"https:\/\/racksweekend.com.br\/os-segredos-da-camera-do-iphone\/#primaryimage"},"image":{"@id":"https:\/\/racksweekend.com.br\/os-segredos-da-camera-do-iphone\/#primaryimage"},"thumbnailUrl":"https:\/\/racksweekend.com.br\/wp-content\/uploads\/2024\/01\/iphone-15-meta-phone-photo.webp","datePublished":"2024-01-31T20:25:21+00:00","dateModified":"2024-01-31T20:25:22+00:00","description":"Se voc\u00ea tem um iPhone e mesmo assim as suas fotos n\u00e3o saem como desejadas vou te contar os segredos da c\u00e2mera do iPhone.","breadcrumb":{"@id":"https:\/\/racksweekend.com.br\/os-segredos-da-camera-do-iphone\/#breadcrumb"},"inLanguage":"hu","potentialAction":[{"@type":"ReadAction","target":["https:\/\/racksweekend.com.br\/os-segredos-da-camera-do-iphone\/"]}]},{"@type":"ImageObject","inLanguage":"hu","@id":"https:\/\/racksweekend.com.br\/os-segredos-da-camera-do-iphone\/#primaryimage","url":"https:\/\/racksweekend.com.br\/wp-content\/uploads\/2024\/01\/iphone-15-meta-phone-photo.webp","contentUrl":"https:\/\/racksweekend.com.br\/wp-content\/uploads\/2024\/01\/iphone-15-meta-phone-photo.webp","width":1280,"height":719},{"@type":"BreadcrumbList","@id":"https:\/\/racksweekend.com.br\/os-segredos-da-camera-do-iphone\/#breadcrumb","itemListElement":[{"@type":"ListItem","position":1,"name":"Home","item":"https:\/\/racksweekend.com.br\/"},{"@type":"ListItem","position":2,"name":"Os Segredos da C\u00e2mera do iPhone"}]},{"@type":"WebSite","@id":"https:\/\/racksweekend.com.br\/#website","url":"https:\/\/racksweekend.com.br\/","name":"Racks h\u00e9tv\u00e9ge","description":"","publisher":{"@id":"https:\/\/racksweekend.com.br\/#organization"},"potentialAction":[{"@type":"SearchAction","target":{"@type":"EntryPoint","urlTemplate":"https:\/\/racksweekend.com.br\/?s={search_term_string}"},"query-input":{"@type":"PropertyValueSpecification","valueRequired":true,"valueName":"search_term_string"}}],"inLanguage":"hu"},{"@type":"Organization","@id":"https:\/\/racksweekend.com.br\/#organization","name":"Racks h\u00e9tv\u00e9ge","url":"https:\/\/racksweekend.com.br\/","logo":{"@type":"ImageObject","inLanguage":"hu","@id":"https:\/\/racksweekend.com.br\/#\/schema\/logo\/image\/","url":"https:\/\/racksweekend.com.br\/wp-content\/uploads\/2024\/01\/cropped-LOGO-RACKS-2.png","contentUrl":"https:\/\/racksweekend.com.br\/wp-content\/uploads\/2024\/01\/cropped-LOGO-RACKS-2.png","width":1919,"height":538,"caption":"Racks Weekend"},"image":{"@id":"https:\/\/racksweekend.com.br\/#\/schema\/logo\/image\/"}},{"@type":"Person","@id":"https:\/\/racksweekend.com.br\/#\/schema\/person\/c8c2e8c43fe14615ef51ee6ee70b855b","name":"admin","image":{"@type":"ImageObject","inLanguage":"hu","@id":"https:\/\/racksweekend.com.br\/#\/schema\/person\/image\/","url":"https:\/\/racksweekend.com.br\/wp-content\/litespeed\/avatar\/af70d796a465de0de2b395cc700a1b9e.jpg?ver=1787761137","contentUrl":"https:\/\/racksweekend.com.br\/wp-content\/litespeed\/avatar\/af70d796a465de0de2b395cc700a1b9e.jpg?ver=1787761137","caption":"admin"}}]}},"_links":{"self":[{"href":"https:\/\/racksweekend.com.br\/hu\/wp-json\/wp\/v2\/posts\/81734","targetHints":{"allow":["GET"]}}],"collection":[{"href":"https:\/\/racksweekend.com.br\/hu\/wp-json\/wp\/v2\/posts"}],"about":[{"href":"https:\/\/racksweekend.com.br\/hu\/wp-json\/wp\/v2\/types\/post"}],"author":[{"embeddable":true,"href":"https:\/\/racksweekend.com.br\/hu\/wp-json\/wp\/v2\/users\/12"}],"replies":[{"embeddable":true,"href":"https:\/\/racksweekend.com.br\/hu\/wp-json\/wp\/v2\/comments?post=81734"}],"version-history":[{"count":3,"href":"https:\/\/racksweekend.com.br\/hu\/wp-json\/wp\/v2\/posts\/81734\/revisions"}],"predecessor-version":[{"id":81742,"href":"https:\/\/racksweekend.com.br\/hu\/wp-json\/wp\/v2\/posts\/81734\/revisions\/81742"}],"wp:featuredmedia":[{"embeddable":true,"href":"https:\/\/racksweekend.com.br\/hu\/wp-json\/wp\/v2\/media\/81739"}],"wp:attachment":[{"href":"https:\/\/racksweekend.com.br\/hu\/wp-json\/wp\/v2\/media?parent=81734"}],"wp:term":[{"taxonomy":"category","embeddable":true,"href":"https:\/\/racksweekend.com.br\/hu\/wp-json\/wp\/v2\/categories?post=81734"},{"taxonomy":"post_tag","embeddable":true,"href":"https:\/\/racksweekend.com.br\/hu\/wp-json\/wp\/v2\/tags?post=81734"}],"curies":[{"name":"munkaf\u00fczet","href":"https:\/\/api.w.org\/{rel}","templated":true}]}}