{"id":66,"date":"2022-04-08T21:15:41","date_gmt":"2022-04-08T21:15:41","guid":{"rendered":"https:\/\/drinkouniao.com\/?p=81236"},"modified":"2024-12-05T18:18:38","modified_gmt":"2024-12-05T18:18:38","slug":"aprenda-a-usar-a-imagem-no-modo-de-imagem-no-facetime-no-iphone-e-no-ipad","status":"publish","type":"post","link":"https:\/\/racksweekend.com.br\/fr\/aprenda-a-usar-a-imagem-no-modo-de-imagem-no-facetime-no-iphone-e-no-ipad\/","title":{"rendered":"D\u00e9couvrez comment utiliser le mode Image dans l\u2019image dans FaceTime sur iPhone et iPad"},"content":{"rendered":"<div id=\"\">\n<p><span style=\"vertical-align: inherit;\"><span style=\"vertical-align: inherit;\">Voici comment raccourcir le nom d&#039;une vid\u00e9o FaceTime sur iPhone et iPad et activer le mode Image dans l&#039;image pour le multit\u00e2che.<\/span><\/span><\/p>\n<h2><span style=\"vertical-align: inherit;\"><span style=\"vertical-align: inherit;\">Utilisez le mode image dans l&#039;image dans tous les appels vid\u00e9o FaceTime sur iPhone et iPad pour un multit\u00e2che ultime<\/span><\/span><\/h2>\n<p><span style=\"vertical-align: inherit;\"><span style=\"vertical-align: inherit;\">Avec les derni\u00e8res mises \u00e0 jour iOS et iPadOS, vous devez utiliser le mode Image dans l&#039;image dans un nom de vid\u00e9o FaceTime. <\/span><span style=\"vertical-align: inherit;\">Cela vous permet de transformer le nom de votre vid\u00e9o en une petite vid\u00e9o flottante tout en continuant \u00e0 utiliser votre iPhone et votre iPad comme vous le feriez normalement. <\/span><span style=\"vertical-align: inherit;\">C&#039;est compl\u00e8tement invraisemblable si vous souhaitez continuer \u00e0 utiliser votre t\u00e9l\u00e9phone ou votre tablette sans d\u00e9sactiver FaceTime.<\/span><\/span><\/p>\n<p><span style=\"vertical-align: inherit;\"><span style=\"vertical-align: inherit;\">Pour ceux qui souhaitent \u00e9galement utiliser cette fonctionnalit\u00e9, vous pourriez \u00eatre surpris de sa simplicit\u00e9. <\/span><span style=\"vertical-align: inherit;\">Et nous vous guiderons tout au long du processus pour que vous vous sentiez comme un pro, rien de moins. <\/span><span style=\"vertical-align: inherit;\">Choisissez votre iPhone ou iPad et regardez.<\/span><\/span><\/p>\n<h3><span style=\"vertical-align: inherit;\"><span style=\"vertical-align: inherit;\">Didacticiel<\/span><\/span><\/h3>\n<p><span style=\"vertical-align: inherit;\"><span style=\"vertical-align: inherit;\">Avant de continuer, assurez-vous que la fonction Image dans l\u2019image est activ\u00e9e sur votre iPhone et votre iPad. <\/span><span style=\"vertical-align: inherit;\">Vous pouvez le faire en allant sur <\/span><\/span><em><span style=\"vertical-align: inherit;\"><span style=\"vertical-align: inherit;\">Param\u00e8tres &gt; G\u00e9n\u00e9ral &gt; Image dans l&#039;image<\/span><\/span><\/em><span style=\"vertical-align: inherit;\"><span style=\"vertical-align: inherit;\"> et ensuite permettre au <\/span><\/span><em><span style=\"vertical-align: inherit;\"><span style=\"vertical-align: inherit;\">D\u00e9marrer PiP automatiquement<\/span><\/span><\/em><span style=\"vertical-align: inherit;\"><span style=\"vertical-align: inherit;\"> , si la fonction est d\u00e9sactiv\u00e9e pour une raison quelconque.<\/span><\/span><\/p>\n<figure><img fetchpriority=\"high\" decoding=\"async\" class=\"aligncenter size-full wp-image-1350524\" src=\"https:\/\/cdn.wccftech.com\/wp-content\/uploads\/2022\/06\/Start-PiP-Automatically.jpg\" sizes=\"(max-width: 550px) 100vw, 550px\" srcset=\"https:\/\/cdn.wccftech.com\/wp-content\/uploads\/2022\/06\/Start-PiP-Automatically.jpg 550w, https:\/\/cdn.wccftech.com\/wp-content\/uploads\/2022\/06\/Start-PiP-Automatically-228x180.jpg 228w, https:\/\/cdn.wccftech.com\/wp-content\/uploads\/2022\/06\/Start-PiP-Automatically-456x360.jpg 456w\" alt=\"\" width=\"550\" height=\"434\"><\/figure>\n<p><span style=\"vertical-align: inherit;\"><span style=\"vertical-align: inherit;\">\u00c9tape 1. Pour commencer, donnez un nom FaceTime. <\/span><span style=\"vertical-align: inherit;\">Vous pouvez le faire en d\u00e9couvrant un contact dans l&#039;application <\/span><\/span><em><span style=\"vertical-align: inherit;\"><span style=\"vertical-align: inherit;\">Contacts<\/span><\/span><\/em><span style=\"vertical-align: inherit;\"><span style=\"vertical-align: inherit;\"> et appuyez sur l&#039;option FaceTime \u00e0 partir de l\u00e0. <\/span><span style=\"vertical-align: inherit;\">Vous pouvez m\u00eame taquiner un nom FaceTime dans Messages. <\/span><span style=\"vertical-align: inherit;\">Ouvrez simplement un fil de discussion, appuyez sur l&#039;ic\u00f4ne de l&#039;appareil photo dans le coin sup\u00e9rieur droit et d\u00e9clenchez un nom de vid\u00e9o \u00e0 partir de l\u00e0.<\/span><\/span><\/p>\n<p><span style=\"vertical-align: inherit;\"><span style=\"vertical-align: inherit;\">\u00c9tape 2. Une fois la d\u00e9cision lanc\u00e9e, connect\u00e9e et en direct, faites simplement glisser votre doigt vers le haut depuis le bas de l&#039;\u00e9cran pour revenir \u00e0 l&#039;accueil si vous avez un iPhone sans bouton d&#039;accueil, ou appuyez simplement sur le bouton d&#039;accueil s&#039;il y en a un sur votre iPhone.<\/span><\/span><\/p>\n<p><span style=\"vertical-align: inherit;\"><span style=\"vertical-align: inherit;\">\u00c9tape 3. FaceTime passera simplement imm\u00e9diatement en mode Image dans l&#039;image. <\/span><span style=\"vertical-align: inherit;\">\u00c0 partir de l\u00e0, vous pouvez continuer \u00e0 utiliser votre iPhone normalement, lancer des applications, jouer \u00e0 des jeux vid\u00e9o, prendre des notes et votre nom FaceTime Video restera intact.<\/span><\/span><\/p>\n<p><span style=\"vertical-align: inherit;\"><span style=\"vertical-align: inherit;\">Vous pouvez m\u00eame pincer vers l&#039;int\u00e9rieur ou vers l&#039;ext\u00e9rieur pour redimensionner efficacement la fen\u00eatre Image dans l&#039;image. <\/span><span style=\"vertical-align: inherit;\">Si vous poss\u00e9dez un iPhone avec un \u00e9cran plus petit, cette fonctionnalit\u00e9 est particuli\u00e8rement utile.<\/span><\/span><\/p>\n<p><span style=\"vertical-align: inherit;\"><span class=\"\" style=\"vertical-align: inherit;\">\u00c9tape 4. Pour revenir \u00e0 la vue compl\u00e8te, appuyez simplement sur la vid\u00e9o FaceTime flottante. <\/span><span style=\"vertical-align: inherit;\">C&#039;est si facile.<\/span><\/span><\/p>\n<p><span style=\"vertical-align: inherit;\"><span style=\"vertical-align: inherit;\">J&#039;utilise cette fonctionnalit\u00e9 depuis longtemps et elle n&#039;a pas \u00e9t\u00e9 du tout utile. <\/span><span style=\"vertical-align: inherit;\">C&#039;est un moyen efficace de rester dans le dialogue tout en faisant diff\u00e9rentes choses en m\u00eame temps. <\/span><span style=\"vertical-align: inherit;\">Cette fonctionnalit\u00e9 est particuli\u00e8rement utile si vous souhaitez discuter et prendre des notes sur des conditions m\u00e9t\u00e9orologiques similaires.<\/span><\/span><\/p>\n<p><span style=\"vertical-align: inherit;\"><span style=\"vertical-align: inherit;\">La mani\u00e8re dont vous utilisez cette fonctionnalit\u00e9 d\u00e9pend enti\u00e8rement de vous. <\/span><span style=\"vertical-align: inherit;\">Mais le point important est que vous ma\u00eetrisez d\u00e9sormais l\u2019art d\u2019utiliser FaceTime en mode Image dans l\u2019image.<\/span><\/span><\/p>\n<p><span style=\"vertical-align: inherit;\"><span style=\"vertical-align: inherit;\">Pour des guides et des tutoriels suppl\u00e9mentaires utiles, rendez-vous sur <\/span><\/span><span style=\"vertical-align: inherit;\"><span style=\"vertical-align: inherit;\">cette partie<\/span><\/span><span style=\"vertical-align: inherit;\"><span style=\"vertical-align: inherit;\"> .<\/span><\/span><\/p>\n<\/div>","protected":false},"excerpt":{"rendered":"<p>Voici comment raccourcir le nom d&#039;une vid\u00e9o FaceTime sur iPhone et iPad et activer le mode Image en mode Image pour le multit\u00e2che. Utilisez le mode Image dans l&#039;image Tous les noms de vid\u00e9os FaceTime sur iPhone et iPad pour un multit\u00e2che ultime Avec les derni\u00e8res mises \u00e0 jour iOS et iPadOS, vous... <\/p>","protected":false},"author":12,"featured_media":82031,"comment_status":"closed","ping_status":"open","sticky":false,"template":"","format":"standard","meta":{"footnotes":""},"categories":[16],"tags":[],"class_list":["post-66","post","type-post","status-publish","format-standard","has-post-thumbnail","hentry","category-ios","fadeIn","image-hover-transition-effect","latest_post"],"yoast_head":"<!-- This site is optimized with the Yoast SEO plugin v26.8 - https:\/\/yoast.com\/product\/yoast-seo-wordpress\/ -->\n<title>Aprenda a usar a imagem no modo de imagem no FaceTime no iPhone e no iPad - Racks Weekend<\/title>\n<meta name=\"robots\" content=\"index, follow, max-snippet:-1, max-image-preview:large, max-video-preview:-1\" \/>\n<link rel=\"canonical\" href=\"https:\/\/racksweekend.com.br\/fr\/aprenda-a-usar-a-imagem-no-modo-de-imagem-no-facetime-no-iphone-e-no-ipad\/\" \/>\n<meta property=\"og:locale\" content=\"fr_FR\" \/>\n<meta property=\"og:type\" content=\"article\" \/>\n<meta property=\"og:title\" content=\"Aprenda a usar a imagem no modo de imagem no FaceTime no iPhone e no iPad - Racks Weekend\" \/>\n<meta property=\"og:description\" content=\"Veja como reduzir um nome de v\u00eddeo FaceTime no iPhone e iPad e permitir o modo Imagem no modo Imagem para multitarefa. Use a imagem no modo de imagem em todo o nome do v\u00eddeo do FaceTime no iPhone e iPad para multitarefa final Com as atualiza\u00e7\u00f5es mais recentes do iOS e do iPadOS, voc\u00ea &hellip;\" \/>\n<meta property=\"og:url\" content=\"https:\/\/racksweekend.com.br\/fr\/aprenda-a-usar-a-imagem-no-modo-de-imagem-no-facetime-no-iphone-e-no-ipad\/\" \/>\n<meta property=\"og:site_name\" content=\"Racks Weekend\" \/>\n<meta property=\"article:published_time\" content=\"2022-04-08T21:15:41+00:00\" \/>\n<meta property=\"article:modified_time\" content=\"2024-12-05T18:18:38+00:00\" \/>\n<meta property=\"og:image\" content=\"https:\/\/racksweekend.com.br\/wp-content\/uploads\/2022\/11\/5.jpg\" \/>\n\t<meta property=\"og:image:width\" content=\"1000\" \/>\n\t<meta property=\"og:image:height\" content=\"800\" \/>\n\t<meta property=\"og:image:type\" content=\"image\/jpeg\" \/>\n<meta name=\"author\" content=\"admin\" \/>\n<meta name=\"twitter:card\" content=\"summary_large_image\" \/>\n<meta name=\"twitter:label1\" content=\"\u00c9crit par\" \/>\n\t<meta name=\"twitter:data1\" content=\"admin\" \/>\n\t<meta name=\"twitter:label2\" content=\"Dur\u00e9e de lecture estim\u00e9e\" \/>\n\t<meta name=\"twitter:data2\" content=\"3 minutes\" \/>\n<script type=\"application\/ld+json\" class=\"yoast-schema-graph\">{\"@context\":\"https:\/\/schema.org\",\"@graph\":[{\"@type\":\"Article\",\"@id\":\"https:\/\/racksweekend.com.br\/aprenda-a-usar-a-imagem-no-modo-de-imagem-no-facetime-no-iphone-e-no-ipad\/#article\",\"isPartOf\":{\"@id\":\"https:\/\/racksweekend.com.br\/aprenda-a-usar-a-imagem-no-modo-de-imagem-no-facetime-no-iphone-e-no-ipad\/\"},\"author\":{\"name\":\"admin\",\"@id\":\"https:\/\/racksweekend.com.br\/#\/schema\/person\/c8c2e8c43fe14615ef51ee6ee70b855b\"},\"headline\":\"Aprenda a usar a imagem no modo de imagem no FaceTime no iPhone e no iPad\",\"datePublished\":\"2022-04-08T21:15:41+00:00\",\"dateModified\":\"2024-12-05T18:18:38+00:00\",\"mainEntityOfPage\":{\"@id\":\"https:\/\/racksweekend.com.br\/aprenda-a-usar-a-imagem-no-modo-de-imagem-no-facetime-no-iphone-e-no-ipad\/\"},\"wordCount\":535,\"publisher\":{\"@id\":\"https:\/\/racksweekend.com.br\/#organization\"},\"image\":{\"@id\":\"https:\/\/racksweekend.com.br\/aprenda-a-usar-a-imagem-no-modo-de-imagem-no-facetime-no-iphone-e-no-ipad\/#primaryimage\"},\"thumbnailUrl\":\"https:\/\/racksweekend.com.br\/wp-content\/uploads\/2022\/11\/5.jpg\",\"articleSection\":[\"iOS\"],\"inLanguage\":\"fr-FR\"},{\"@type\":\"WebPage\",\"@id\":\"https:\/\/racksweekend.com.br\/aprenda-a-usar-a-imagem-no-modo-de-imagem-no-facetime-no-iphone-e-no-ipad\/\",\"url\":\"https:\/\/racksweekend.com.br\/aprenda-a-usar-a-imagem-no-modo-de-imagem-no-facetime-no-iphone-e-no-ipad\/\",\"name\":\"Aprenda a usar a imagem no modo de imagem no FaceTime no iPhone e no iPad - Racks Weekend\",\"isPartOf\":{\"@id\":\"https:\/\/racksweekend.com.br\/#website\"},\"primaryImageOfPage\":{\"@id\":\"https:\/\/racksweekend.com.br\/aprenda-a-usar-a-imagem-no-modo-de-imagem-no-facetime-no-iphone-e-no-ipad\/#primaryimage\"},\"image\":{\"@id\":\"https:\/\/racksweekend.com.br\/aprenda-a-usar-a-imagem-no-modo-de-imagem-no-facetime-no-iphone-e-no-ipad\/#primaryimage\"},\"thumbnailUrl\":\"https:\/\/racksweekend.com.br\/wp-content\/uploads\/2022\/11\/5.jpg\",\"datePublished\":\"2022-04-08T21:15:41+00:00\",\"dateModified\":\"2024-12-05T18:18:38+00:00\",\"breadcrumb\":{\"@id\":\"https:\/\/racksweekend.com.br\/aprenda-a-usar-a-imagem-no-modo-de-imagem-no-facetime-no-iphone-e-no-ipad\/#breadcrumb\"},\"inLanguage\":\"fr-FR\",\"potentialAction\":[{\"@type\":\"ReadAction\",\"target\":[\"https:\/\/racksweekend.com.br\/aprenda-a-usar-a-imagem-no-modo-de-imagem-no-facetime-no-iphone-e-no-ipad\/\"]}]},{\"@type\":\"ImageObject\",\"inLanguage\":\"fr-FR\",\"@id\":\"https:\/\/racksweekend.com.br\/aprenda-a-usar-a-imagem-no-modo-de-imagem-no-facetime-no-iphone-e-no-ipad\/#primaryimage\",\"url\":\"https:\/\/racksweekend.com.br\/wp-content\/uploads\/2022\/11\/5.jpg\",\"contentUrl\":\"https:\/\/racksweekend.com.br\/wp-content\/uploads\/2022\/11\/5.jpg\",\"width\":1000,\"height\":800},{\"@type\":\"BreadcrumbList\",\"@id\":\"https:\/\/racksweekend.com.br\/aprenda-a-usar-a-imagem-no-modo-de-imagem-no-facetime-no-iphone-e-no-ipad\/#breadcrumb\",\"itemListElement\":[{\"@type\":\"ListItem\",\"position\":1,\"name\":\"Home\",\"item\":\"https:\/\/racksweekend.com.br\/\"},{\"@type\":\"ListItem\",\"position\":2,\"name\":\"Aprenda a usar a imagem no modo de imagem no FaceTime no iPhone e no iPad\"}]},{\"@type\":\"WebSite\",\"@id\":\"https:\/\/racksweekend.com.br\/#website\",\"url\":\"https:\/\/racksweekend.com.br\/\",\"name\":\"Racks Weekend\",\"description\":\"\",\"publisher\":{\"@id\":\"https:\/\/racksweekend.com.br\/#organization\"},\"potentialAction\":[{\"@type\":\"SearchAction\",\"target\":{\"@type\":\"EntryPoint\",\"urlTemplate\":\"https:\/\/racksweekend.com.br\/?s={search_term_string}\"},\"query-input\":{\"@type\":\"PropertyValueSpecification\",\"valueRequired\":true,\"valueName\":\"search_term_string\"}}],\"inLanguage\":\"fr-FR\"},{\"@type\":\"Organization\",\"@id\":\"https:\/\/racksweekend.com.br\/#organization\",\"name\":\"Racks Weekend\",\"url\":\"https:\/\/racksweekend.com.br\/\",\"logo\":{\"@type\":\"ImageObject\",\"inLanguage\":\"fr-FR\",\"@id\":\"https:\/\/racksweekend.com.br\/#\/schema\/logo\/image\/\",\"url\":\"https:\/\/racksweekend.com.br\/wp-content\/uploads\/2024\/01\/cropped-LOGO-RACKS-2.png\",\"contentUrl\":\"https:\/\/racksweekend.com.br\/wp-content\/uploads\/2024\/01\/cropped-LOGO-RACKS-2.png\",\"width\":1919,\"height\":538,\"caption\":\"Racks Weekend\"},\"image\":{\"@id\":\"https:\/\/racksweekend.com.br\/#\/schema\/logo\/image\/\"}},{\"@type\":\"Person\",\"@id\":\"https:\/\/racksweekend.com.br\/#\/schema\/person\/c8c2e8c43fe14615ef51ee6ee70b855b\",\"name\":\"admin\",\"image\":{\"@type\":\"ImageObject\",\"inLanguage\":\"fr-FR\",\"@id\":\"https:\/\/racksweekend.com.br\/#\/schema\/person\/image\/\",\"url\":\"https:\/\/racksweekend.com.br\/wp-content\/litespeed\/avatar\/af70d796a465de0de2b395cc700a1b9e.jpg?ver=1777051865\",\"contentUrl\":\"https:\/\/racksweekend.com.br\/wp-content\/litespeed\/avatar\/af70d796a465de0de2b395cc700a1b9e.jpg?ver=1777051865\",\"caption\":\"admin\"}}]}<\/script>\n<!-- \/ Yoast SEO plugin. -->","yoast_head_json":{"title":"Aprenda a usar a imagem no modo de imagem no FaceTime no iPhone e no iPad - Racks Weekend","robots":{"index":"index","follow":"follow","max-snippet":"max-snippet:-1","max-image-preview":"max-image-preview:large","max-video-preview":"max-video-preview:-1"},"canonical":"https:\/\/racksweekend.com.br\/fr\/aprenda-a-usar-a-imagem-no-modo-de-imagem-no-facetime-no-iphone-e-no-ipad\/","og_locale":"fr_FR","og_type":"article","og_title":"Aprenda a usar a imagem no modo de imagem no FaceTime no iPhone e no iPad - Racks Weekend","og_description":"Veja como reduzir um nome de v\u00eddeo FaceTime no iPhone e iPad e permitir o modo Imagem no modo Imagem para multitarefa. Use a imagem no modo de imagem em todo o nome do v\u00eddeo do FaceTime no iPhone e iPad para multitarefa final Com as atualiza\u00e7\u00f5es mais recentes do iOS e do iPadOS, voc\u00ea &hellip;","og_url":"https:\/\/racksweekend.com.br\/fr\/aprenda-a-usar-a-imagem-no-modo-de-imagem-no-facetime-no-iphone-e-no-ipad\/","og_site_name":"Racks Weekend","article_published_time":"2022-04-08T21:15:41+00:00","article_modified_time":"2024-12-05T18:18:38+00:00","og_image":[{"width":1000,"height":800,"url":"https:\/\/racksweekend.com.br\/wp-content\/uploads\/2022\/11\/5.jpg","type":"image\/jpeg"}],"author":"admin","twitter_card":"summary_large_image","twitter_misc":{"\u00c9crit par":"admin","Dur\u00e9e de lecture estim\u00e9e":"3 minutes"},"schema":{"@context":"https:\/\/schema.org","@graph":[{"@type":"Article","@id":"https:\/\/racksweekend.com.br\/aprenda-a-usar-a-imagem-no-modo-de-imagem-no-facetime-no-iphone-e-no-ipad\/#article","isPartOf":{"@id":"https:\/\/racksweekend.com.br\/aprenda-a-usar-a-imagem-no-modo-de-imagem-no-facetime-no-iphone-e-no-ipad\/"},"author":{"name":"admin","@id":"https:\/\/racksweekend.com.br\/#\/schema\/person\/c8c2e8c43fe14615ef51ee6ee70b855b"},"headline":"Aprenda a usar a imagem no modo de imagem no FaceTime no iPhone e no iPad","datePublished":"2022-04-08T21:15:41+00:00","dateModified":"2024-12-05T18:18:38+00:00","mainEntityOfPage":{"@id":"https:\/\/racksweekend.com.br\/aprenda-a-usar-a-imagem-no-modo-de-imagem-no-facetime-no-iphone-e-no-ipad\/"},"wordCount":535,"publisher":{"@id":"https:\/\/racksweekend.com.br\/#organization"},"image":{"@id":"https:\/\/racksweekend.com.br\/aprenda-a-usar-a-imagem-no-modo-de-imagem-no-facetime-no-iphone-e-no-ipad\/#primaryimage"},"thumbnailUrl":"https:\/\/racksweekend.com.br\/wp-content\/uploads\/2022\/11\/5.jpg","articleSection":["iOS"],"inLanguage":"fr-FR"},{"@type":"WebPage","@id":"https:\/\/racksweekend.com.br\/aprenda-a-usar-a-imagem-no-modo-de-imagem-no-facetime-no-iphone-e-no-ipad\/","url":"https:\/\/racksweekend.com.br\/aprenda-a-usar-a-imagem-no-modo-de-imagem-no-facetime-no-iphone-e-no-ipad\/","name":"Aprenda a usar a imagem no modo de imagem no FaceTime no iPhone e no iPad - Racks Weekend","isPartOf":{"@id":"https:\/\/racksweekend.com.br\/#website"},"primaryImageOfPage":{"@id":"https:\/\/racksweekend.com.br\/aprenda-a-usar-a-imagem-no-modo-de-imagem-no-facetime-no-iphone-e-no-ipad\/#primaryimage"},"image":{"@id":"https:\/\/racksweekend.com.br\/aprenda-a-usar-a-imagem-no-modo-de-imagem-no-facetime-no-iphone-e-no-ipad\/#primaryimage"},"thumbnailUrl":"https:\/\/racksweekend.com.br\/wp-content\/uploads\/2022\/11\/5.jpg","datePublished":"2022-04-08T21:15:41+00:00","dateModified":"2024-12-05T18:18:38+00:00","breadcrumb":{"@id":"https:\/\/racksweekend.com.br\/aprenda-a-usar-a-imagem-no-modo-de-imagem-no-facetime-no-iphone-e-no-ipad\/#breadcrumb"},"inLanguage":"fr-FR","potentialAction":[{"@type":"ReadAction","target":["https:\/\/racksweekend.com.br\/aprenda-a-usar-a-imagem-no-modo-de-imagem-no-facetime-no-iphone-e-no-ipad\/"]}]},{"@type":"ImageObject","inLanguage":"fr-FR","@id":"https:\/\/racksweekend.com.br\/aprenda-a-usar-a-imagem-no-modo-de-imagem-no-facetime-no-iphone-e-no-ipad\/#primaryimage","url":"https:\/\/racksweekend.com.br\/wp-content\/uploads\/2022\/11\/5.jpg","contentUrl":"https:\/\/racksweekend.com.br\/wp-content\/uploads\/2022\/11\/5.jpg","width":1000,"height":800},{"@type":"BreadcrumbList","@id":"https:\/\/racksweekend.com.br\/aprenda-a-usar-a-imagem-no-modo-de-imagem-no-facetime-no-iphone-e-no-ipad\/#breadcrumb","itemListElement":[{"@type":"ListItem","position":1,"name":"Home","item":"https:\/\/racksweekend.com.br\/"},{"@type":"ListItem","position":2,"name":"Aprenda a usar a imagem no modo de imagem no FaceTime no iPhone e no iPad"}]},{"@type":"WebSite","@id":"https:\/\/racksweekend.com.br\/#website","url":"https:\/\/racksweekend.com.br\/","name":"Week-end des racks","description":"","publisher":{"@id":"https:\/\/racksweekend.com.br\/#organization"},"potentialAction":[{"@type":"SearchAction","target":{"@type":"EntryPoint","urlTemplate":"https:\/\/racksweekend.com.br\/?s={search_term_string}"},"query-input":{"@type":"PropertyValueSpecification","valueRequired":true,"valueName":"search_term_string"}}],"inLanguage":"fr-FR"},{"@type":"Organization","@id":"https:\/\/racksweekend.com.br\/#organization","name":"Week-end des racks","url":"https:\/\/racksweekend.com.br\/","logo":{"@type":"ImageObject","inLanguage":"fr-FR","@id":"https:\/\/racksweekend.com.br\/#\/schema\/logo\/image\/","url":"https:\/\/racksweekend.com.br\/wp-content\/uploads\/2024\/01\/cropped-LOGO-RACKS-2.png","contentUrl":"https:\/\/racksweekend.com.br\/wp-content\/uploads\/2024\/01\/cropped-LOGO-RACKS-2.png","width":1919,"height":538,"caption":"Racks Weekend"},"image":{"@id":"https:\/\/racksweekend.com.br\/#\/schema\/logo\/image\/"}},{"@type":"Person","@id":"https:\/\/racksweekend.com.br\/#\/schema\/person\/c8c2e8c43fe14615ef51ee6ee70b855b","name":"admin","image":{"@type":"ImageObject","inLanguage":"fr-FR","@id":"https:\/\/racksweekend.com.br\/#\/schema\/person\/image\/","url":"https:\/\/racksweekend.com.br\/wp-content\/litespeed\/avatar\/af70d796a465de0de2b395cc700a1b9e.jpg?ver=1777051865","contentUrl":"https:\/\/racksweekend.com.br\/wp-content\/litespeed\/avatar\/af70d796a465de0de2b395cc700a1b9e.jpg?ver=1777051865","caption":"admin"}}]}},"_links":{"self":[{"href":"https:\/\/racksweekend.com.br\/fr\/wp-json\/wp\/v2\/posts\/66","targetHints":{"allow":["GET"]}}],"collection":[{"href":"https:\/\/racksweekend.com.br\/fr\/wp-json\/wp\/v2\/posts"}],"about":[{"href":"https:\/\/racksweekend.com.br\/fr\/wp-json\/wp\/v2\/types\/post"}],"author":[{"embeddable":true,"href":"https:\/\/racksweekend.com.br\/fr\/wp-json\/wp\/v2\/users\/12"}],"replies":[{"embeddable":true,"href":"https:\/\/racksweekend.com.br\/fr\/wp-json\/wp\/v2\/comments?post=66"}],"version-history":[{"count":1,"href":"https:\/\/racksweekend.com.br\/fr\/wp-json\/wp\/v2\/posts\/66\/revisions"}],"predecessor-version":[{"id":81882,"href":"https:\/\/racksweekend.com.br\/fr\/wp-json\/wp\/v2\/posts\/66\/revisions\/81882"}],"wp:featuredmedia":[{"embeddable":true,"href":"https:\/\/racksweekend.com.br\/fr\/wp-json\/wp\/v2\/media\/82031"}],"wp:attachment":[{"href":"https:\/\/racksweekend.com.br\/fr\/wp-json\/wp\/v2\/media?parent=66"}],"wp:term":[{"taxonomy":"category","embeddable":true,"href":"https:\/\/racksweekend.com.br\/fr\/wp-json\/wp\/v2\/categories?post=66"},{"taxonomy":"post_tag","embeddable":true,"href":"https:\/\/racksweekend.com.br\/fr\/wp-json\/wp\/v2\/tags?post=66"}],"curies":[{"name":"wp","href":"https:\/\/api.w.org\/{rel}","templated":true}]}}